{"id":390,"date":"2026-03-05T21:50:34","date_gmt":"2026-03-05T21:50:34","guid":{"rendered":"https:\/\/horizonbilingue.com\/?p=390"},"modified":"2026-03-05T21:50:34","modified_gmt":"2026-03-05T21:50:34","slug":"samedi-14-mars-2026-portes-ouvertes-au-college","status":"publish","type":"post","link":"https:\/\/horizonbilingue.com\/fr\/samedi-14-mars-2026-portes-ouvertes-au-college\/","title":{"rendered":"Samedi 14 mars 2026 &#8211; Portes Ouvertes au Coll\u00e8ge !"},"content":{"rendered":"\n<p>Nous avons le plaisir de vous inviter aux portes ouvertes du Coll\u00e8ge Horizon Bilingue, coll\u00e8ge franco-anglais situ\u00e9 \u00e0 Saint-Paul sur Save. Elles auront lieu le samedi 14 mars de 10h \u00e0 12h, et seront l&rsquo;occasion pour vous de rencontrer une partie de l\u2019\u00e9quipe enseignante, de d\u00e9couvrir notre projet \u00e9ducatif, et d&rsquo;\u00e9changer avec des parents d&rsquo;\u00e9l\u00e8ves actuellement scolaris\u00e9s. Au plaisir de vous y voir !<\/p>\n\n\n\n<figure class=\"wp-block-image size-large\"><img loading=\"lazy\" decoding=\"async\" width=\"725\" height=\"1024\" src=\"https:\/\/horizonbilingue.com\/wp-content\/uploads\/2026\/03\/20260314-page-1-725x1024.png\" alt=\"\" class=\"wp-image-391\" srcset=\"https:\/\/horizonbilingue.com\/wp-content\/uploads\/2026\/03\/20260314-page-1-725x1024.png 725w, https:\/\/horizonbilingue.com\/wp-content\/uploads\/2026\/03\/20260314-page-1-213x300.png 213w, https:\/\/horizonbilingue.com\/wp-content\/uploads\/2026\/03\/20260314-page-1-768x1084.png 768w, https:\/\/horizonbilingue.com\/wp-content\/uploads\/2026\/03\/20260314-page-1-1088x1536.png 1088w, https:\/\/horizonbilingue.com\/wp-content\/uploads\/2026\/03\/20260314-page-1-1451x2048.png 1451w, https:\/\/horizonbilingue.com\/wp-content\/uploads\/2026\/03\/20260314-page-1-9x12.png 9w, https:\/\/horizonbilingue.com\/wp-content\/uploads\/2026\/03\/20260314-page-1-scaled.png 1814w\" sizes=\"auto, (max-width: 725px) 100vw, 725px\" \/><\/figure>\n\n\n\n<figure class=\"wp-block-image size-large\"><img loading=\"lazy\" decoding=\"async\" width=\"684\" height=\"1024\" src=\"https:\/\/horizonbilingue.com\/wp-content\/uploads\/2026\/03\/20260314-page-2-684x1024.png\" alt=\"\" class=\"wp-image-392\" srcset=\"https:\/\/horizonbilingue.com\/wp-content\/uploads\/2026\/03\/20260314-page-2-684x1024.png 684w, https:\/\/horizonbilingue.com\/wp-content\/uploads\/2026\/03\/20260314-page-2-200x300.png 200w, https:\/\/horizonbilingue.com\/wp-content\/uploads\/2026\/03\/20260314-page-2-768x1149.png 768w, https:\/\/horizonbilingue.com\/wp-content\/uploads\/2026\/03\/20260314-page-2-1026x1536.png 1026w, https:\/\/horizonbilingue.com\/wp-content\/uploads\/2026\/03\/20260314-page-2-1369x2048.png 1369w, https:\/\/horizonbilingue.com\/wp-content\/uploads\/2026\/03\/20260314-page-2-8x12.png 8w, https:\/\/horizonbilingue.com\/wp-content\/uploads\/2026\/03\/20260314-page-2.png 1579w\" sizes=\"auto, (max-width: 684px) 100vw, 684px\" \/><\/figure>\n","protected":false},"excerpt":{"rendered":"<p>Nous avons le plaisir de vous inviter aux portes ouvertes du Coll\u00e8ge Horizon Bilingue, coll\u00e8ge franco-anglais situ\u00e9 \u00e0 Saint-Paul sur Save. Elles auront lieu le samedi 14 mars de 10h \u00e0 12h, et seront l&rsquo;occasion pour vous de rencontrer une partie de l\u2019\u00e9quipe enseignante, de d\u00e9couvrir notre projet \u00e9ducatif, et d&rsquo;\u00e9changer avec des parents d&rsquo;\u00e9l\u00e8ves [&hellip;]<\/p>\n","protected":false},"author":1,"featured_media":0,"comment_status":"open","ping_status":"open","sticky":false,"template":"","format":"standard","meta":{"footnotes":""},"categories":[1],"tags":[],"class_list":["post-390","post","type-post","status-publish","format-standard","hentry","category-blog"],"_links":{"self":[{"href":"https:\/\/horizonbilingue.com\/fr\/wp-json\/wp\/v2\/posts\/390","targetHints":{"allow":["GET"]}}],"collection":[{"href":"https:\/\/horizonbilingue.com\/fr\/wp-json\/wp\/v2\/posts"}],"about":[{"href":"https:\/\/horizonbilingue.com\/fr\/wp-json\/wp\/v2\/types\/post"}],"author":[{"embeddable":true,"href":"https:\/\/horizonbilingue.com\/fr\/wp-json\/wp\/v2\/users\/1"}],"replies":[{"embeddable":true,"href":"https:\/\/horizonbilingue.com\/fr\/wp-json\/wp\/v2\/comments?post=390"}],"version-history":[{"count":1,"href":"https:\/\/horizonbilingue.com\/fr\/wp-json\/wp\/v2\/posts\/390\/revisions"}],"predecessor-version":[{"id":393,"href":"https:\/\/horizonbilingue.com\/fr\/wp-json\/wp\/v2\/posts\/390\/revisions\/393"}],"wp:attachment":[{"href":"https:\/\/horizonbilingue.com\/fr\/wp-json\/wp\/v2\/media?parent=390"}],"wp:term":[{"taxonomy":"category","embeddable":true,"href":"https:\/\/horizonbilingue.com\/fr\/wp-json\/wp\/v2\/categories?post=390"},{"taxonomy":"post_tag","embeddable":true,"href":"https:\/\/horizonbilingue.com\/fr\/wp-json\/wp\/v2\/tags?post=390"}],"curies":[{"name":"wp","href":"https:\/\/api.w.org\/{rel}","templated":true}]}}