{"id":384,"date":"2025-09-21T09:46:42","date_gmt":"2025-09-21T09:46:42","guid":{"rendered":"https:\/\/horizonbilingue.com\/?p=384"},"modified":"2025-09-21T09:46:43","modified_gmt":"2025-09-21T09:46:43","slug":"un-petit-college-de-grands-projets","status":"publish","type":"post","link":"https:\/\/horizonbilingue.com\/fr\/un-petit-college-de-grands-projets\/","title":{"rendered":"Un petit coll\u00e8ge, de grands projets"},"content":{"rendered":"\n<p>Bonjour \u00e0 tous, <\/p>\n\n\n\n<p>La rentr\u00e9e s\u2019est d\u00e9roul\u00e9e dans une ambiance joyeuse et sereine au Coll\u00e8ge Horizon Bilingue, avec une classe de 12 \u00e9l\u00e8ves cette ann\u00e9e. Comme pr\u00e9vu apr\u00e8s notre premi\u00e8re ann\u00e9e de lancement, nous accueillons d\u00e9sormais uniquement des coll\u00e9giens \u2014 en 6e, 5e et 4e pour cette rentr\u00e9e 2025.<\/p>\n\n\n\n<p><\/p>\n\n\n\n<p><strong>\u00c0 l\u2019agenda cette ann\u00e9e :<\/strong> un magnifique voyage au Royaume-Uni en octobre ! Les \u00e9l\u00e8ves sont impatients de vivre cette exp\u00e9rience enrichissante, \u00e0 la fois culturelle et linguistique.<\/p>\n\n\n\n<p><strong>C\u00f4t\u00e9 organisation :<\/strong> malgr\u00e9 de nombreuses demandes, nous avons volontairement limit\u00e9 les inscriptions \u00e0 12 \u00e9l\u00e8ves. Le lieu exceptionnel qui nous accueille actuellement ne permet pas d\u2019en recevoir davantage. Il s\u2019agit toutefois d\u2019un espace provisoire, et nous sommes activement \u00e0 la recherche d\u2019un lieu plus grand pour la rentr\u00e9e 2026.<\/p>\n\n\n\n<p>\ud83d\udce3 <strong>Si vous connaissez un endroit susceptible d\u2019accueillir un petit coll\u00e8ge<\/strong>, \u00e0 la location et \u00e0 un tarif raisonnable, n\u2019h\u00e9sitez pas \u00e0 nous contacter. Toute suggestion est la bienvenue !<\/p>\n","protected":false},"excerpt":{"rendered":"<p>Bonjour \u00e0 tous, La rentr\u00e9e s\u2019est d\u00e9roul\u00e9e dans une ambiance joyeuse et sereine au Coll\u00e8ge Horizon Bilingue, avec une classe de 12 \u00e9l\u00e8ves cette ann\u00e9e. Comme pr\u00e9vu apr\u00e8s notre premi\u00e8re ann\u00e9e de lancement, nous accueillons d\u00e9sormais uniquement des coll\u00e9giens \u2014 en 6e, 5e et 4e pour cette rentr\u00e9e 2025. \u00c0 l\u2019agenda cette ann\u00e9e : un [&hellip;]<\/p>\n","protected":false},"author":1,"featured_media":0,"comment_status":"open","ping_status":"open","sticky":false,"template":"","format":"standard","meta":{"footnotes":""},"categories":[1],"tags":[],"class_list":["post-384","post","type-post","status-publish","format-standard","hentry","category-blog"],"_links":{"self":[{"href":"https:\/\/horizonbilingue.com\/fr\/wp-json\/wp\/v2\/posts\/384","targetHints":{"allow":["GET"]}}],"collection":[{"href":"https:\/\/horizonbilingue.com\/fr\/wp-json\/wp\/v2\/posts"}],"about":[{"href":"https:\/\/horizonbilingue.com\/fr\/wp-json\/wp\/v2\/types\/post"}],"author":[{"embeddable":true,"href":"https:\/\/horizonbilingue.com\/fr\/wp-json\/wp\/v2\/users\/1"}],"replies":[{"embeddable":true,"href":"https:\/\/horizonbilingue.com\/fr\/wp-json\/wp\/v2\/comments?post=384"}],"version-history":[{"count":1,"href":"https:\/\/horizonbilingue.com\/fr\/wp-json\/wp\/v2\/posts\/384\/revisions"}],"predecessor-version":[{"id":387,"href":"https:\/\/horizonbilingue.com\/fr\/wp-json\/wp\/v2\/posts\/384\/revisions\/387"}],"wp:attachment":[{"href":"https:\/\/horizonbilingue.com\/fr\/wp-json\/wp\/v2\/media?parent=384"}],"wp:term":[{"taxonomy":"category","embeddable":true,"href":"https:\/\/horizonbilingue.com\/fr\/wp-json\/wp\/v2\/categories?post=384"},{"taxonomy":"post_tag","embeddable":true,"href":"https:\/\/horizonbilingue.com\/fr\/wp-json\/wp\/v2\/tags?post=384"}],"curies":[{"name":"wp","href":"https:\/\/api.w.org\/{rel}","templated":true}]}}